{"id":1694,"date":"2025-01-08T14:56:31","date_gmt":"2025-01-08T13:56:31","guid":{"rendered":"https:\/\/www.mpleo.com\/be-fr\/?p=1694"},"modified":"2025-01-15T12:07:56","modified_gmt":"2025-01-15T11:07:56","slug":"talent-management","status":"publish","type":"post","link":"https:\/\/www.mpleo.com\/be\/fr\/former-et-fideliser-les-talents\/talent-management\/","title":{"rendered":"L&#8217;importance du &#8220;Talent Management&#8221; en entreprise"},"content":{"rendered":"\r\n<p>La <a href=\"https:\/\/hrweb.solutions\/fonctionnalites\/gestion-des-talents\/?\" target=\"_blank\" rel=\"noopener\">gestion des talents<\/a> occupe une place importante dans la gestion des ressources humaines. Elle s\u2019int\u00e9resse en effet \u00e0 la ressource principale de l\u2019entreprise : les employ\u00e9s. L\u2019objectif de la gestion des talents est de recruter, d\u00e9velopper et fid\u00e9liser les meilleurs collaborateurs au sein de la soci\u00e9t\u00e9.<\/p>\r\n\r\n\r\n\r\n<h2 class=\"wp-block-heading\">Pourquoi la gestion des talents est-elle importante ?<\/h2>\r\n\r\n\r\n\r\n<p>Pour que les entreprises puissent <strong>attirer et retenir les meilleurs employ\u00e9s<\/strong>, une <a href=\"https:\/\/hrweb.solutions\/fonctionnalites\/gestion-des-talents\/?\" target=\"_blank\" rel=\"noopener\">gestion strat\u00e9gique des talents<\/a> est cruciale. Face \u00e0 la concurrence croissante, maintenir les meilleures recrues au sein de son organisation peut devenir un enjeu majeur. C\u2019est la raison pour laquelle il est primordial que l\u2019employeur s\u2019efforce de cr\u00e9er son image de marque et un environnement de travail o\u00f9 l\u2019employ\u00e9 se sent appr\u00e9ci\u00e9, d\u00e9velopp\u00e9 et respect\u00e9.<\/p>\r\n\r\n\r\n\r\n<p>Gr\u00e2ce \u00e0 une gestion des talents efficace, offrant de nombreuses possibilit\u00e9s de d\u00e9veloppement professionnel, vous signalez \u00e0 vos employ\u00e9s que la soci\u00e9t\u00e9 croit en eux et s\u2019y int\u00e9resse. De nombreuses \u00e9tudes montrent que l\u2019opportunit\u00e9 de <strong>continuer \u00e0 d\u00e9velopper des comp\u00e9tences<\/strong> personnelles et professionnelles constitue un atout indispensable pour garder des collaborateurs et r\u00e9duire le <em>turn-over<\/em> en cons\u00e9quence.<\/p>\r\n\r\n\r\n\r\n<p>Une gestion des talents aboutie offre \u00e9galement \u00e0 l\u2019entreprise une <strong>image plus comp\u00e9titive<\/strong> sur le march\u00e9, ce qui permet d\u2019obtenir de meilleurs r\u00e9sultats tout en attirant plus de client.<\/p>\r\n\r\n\r\n\r\n<h2 class=\"wp-block-heading\">Comment mettre en place une bonne strat\u00e9gie de talent management ?<\/h2>\r\n\r\n\r\n\r\n<p>La premi\u00e8re \u00e9tape pour une gestion des talents qualitative est d\u2019avoir une image claire des profils et des talents qui existent au sein de votre organisation. Ensuite, pour chaque employ\u00e9, il est important de pr\u00e9voir un <strong>plan de d\u00e9veloppement personnel<\/strong> avec des objectifs clairs pour l\u2019avenir. Cette planification doit se faire d\u00e8s le recrutement. L\u2019objectif est de proposer un apprentissage continu comme le suivi de formations, de workshops, de conf\u00e9rences, etc. Cela doit se faire dans tous les cas, ind\u00e9pendamment du niveau d\u2019exp\u00e9rience du travailleur.<\/p>\r\n\r\n\r\n\r\n<p>Ensuite, gr\u00e2ce \u00e0 des techniques de <a href=\"https:\/\/hrweb.solutions\/fonctionnalites\/evaluation-du-personnel\/?\" target=\"_blank\" rel=\"noopener\">management de la performance<\/a> et la mise en place de <strong>moments d\u2019\u00e9valuation consacr\u00e9s<\/strong>, vous pouvez faire le point sur le niveau de d\u00e9veloppement de vos employ\u00e9s. Il est alors important de cr\u00e9er l\u2019environnement qui permettra \u00e0 vos talents de s\u2019\u00e9panouir. Le fait que les travailleurs puissent suivre leurs comp\u00e9tences et leurs objectifs renforcera leur niveau de confiance et d\u2019employabilit\u00e9. Vous souhaitez savoir comment un syst\u00e8me de talent management peut transformer votre entreprise ? D\u00e9couvrez comment notre logiciel de <a href=\"https:\/\/hrweb.solutions\/fonctionnalites\/gestion-des-talents\/?\" target=\"_blank\" rel=\"noopener\">gestion des talents mpleo<\/a> peut vous aider ou <a href=\"https:\/\/hrweb.solutions\/contact\/?\" target=\"_blank\" rel=\"noopener\">contactez-nous<\/a>.<\/p>\r\n","protected":false},"excerpt":{"rendered":"<p>La gestion des talents occupe une place importante dans la gestion des ressources humaines. Elle s\u2019int\u00e9resse en effet \u00e0 la [&hellip;]<\/p>\n","protected":false},"author":5,"featured_media":2020,"comment_status":"open","ping_status":"open","sticky":false,"template":"","format":"standard","meta":{"_acf_changed":false,"footnotes":""},"categories":[62],"tags":[],"class_list":["post-1694","post","type-post","status-publish","format-standard","has-post-thumbnail","hentry","category-former-et-fideliser-les-talents"],"acf":[],"lang":"fr","translations":{"fr":1694,"nl":1756},"pll_sync_post":[],"_links":{"self":[{"href":"https:\/\/www.mpleo.com\/be\/wp-json\/wp\/v2\/posts\/1694","targetHints":{"allow":["GET"]}}],"collection":[{"href":"https:\/\/www.mpleo.com\/be\/wp-json\/wp\/v2\/posts"}],"about":[{"href":"https:\/\/www.mpleo.com\/be\/wp-json\/wp\/v2\/types\/post"}],"author":[{"embeddable":true,"href":"https:\/\/www.mpleo.com\/be\/wp-json\/wp\/v2\/users\/5"}],"replies":[{"embeddable":true,"href":"https:\/\/www.mpleo.com\/be\/wp-json\/wp\/v2\/comments?post=1694"}],"version-history":[{"count":3,"href":"https:\/\/www.mpleo.com\/be\/wp-json\/wp\/v2\/posts\/1694\/revisions"}],"predecessor-version":[{"id":2029,"href":"https:\/\/www.mpleo.com\/be\/wp-json\/wp\/v2\/posts\/1694\/revisions\/2029"}],"wp:featuredmedia":[{"embeddable":true,"href":"https:\/\/www.mpleo.com\/be\/wp-json\/wp\/v2\/media\/2020"}],"wp:attachment":[{"href":"https:\/\/www.mpleo.com\/be\/wp-json\/wp\/v2\/media?parent=1694"}],"wp:term":[{"taxonomy":"category","embeddable":true,"href":"https:\/\/www.mpleo.com\/be\/wp-json\/wp\/v2\/categories?post=1694"},{"taxonomy":"post_tag","embeddable":true,"href":"https:\/\/www.mpleo.com\/be\/wp-json\/wp\/v2\/tags?post=1694"}],"curies":[{"name":"wp","href":"https:\/\/api.w.org\/{rel}","templated":true}]}}